{"id":9969,"date":"2010-04-15T20:44:00","date_gmt":"2010-04-15T20:44:00","guid":{"rendered":"http:\/\/formalprision.info\/2010\/04\/15\/denuncian-al-vocero-de-sedeso\/"},"modified":"2015-06-03T09:02:56","modified_gmt":"2015-06-03T09:02:56","slug":"denuncian-al-vocero-de-sedeso","status":"publish","type":"post","link":"https:\/\/formalprision.com\/?p=9969","title":{"rendered":"Denuncian al &quot;Chereke&quot;, vocero de Sedesol"},"content":{"rendered":"<p><a href=\"http:\/\/3.bp.blogspot.com\/_QwiJz8zwaOw\/S8eIVV48-WI\/AAAAAAAAAIY\/qEKTlUZXhD4\/s1600\/sierra.jpg\"><img decoding=\"async\" id=\"BLOGGER_PHOTO_ID_5460482973444667746\" style=\"float: left; margin: 0px 10px 10px 0px; width: 200px; height: 266px;\" alt=\"\" src=\"http:\/\/formalprision.com\/wp-content\/uploads\/2010\/04\/sierra.jpg\" border=\"0\" \/><\/a>Debido a que se ha obsesionado con la gobernadora Ivonne Ortega Pacheco, el vocero de la Sedesol Jos\u00e9 Sierra Herrera fue denunciado penalmente por el PRI.<\/p>\n<div>\n<div>El \u00abchereke\u00bb, como tambi\u00e9n es conocido, est\u00e1 acusado de emprender un intento de campa\u00f1a contra su obsesi\u00f3n, la gobernadora Ortega Pacheco, a trav\u00e9s del Diario de Yucat\u00e1n, donde difunde algunos art\u00edculos editoriales.<br \/>Sobre este caso, el PRI emiti\u00f3 el siguiente comunicado.<\/p>\n<p>El Partido Revolucionario Institucional (PRI) interpuso a trav\u00e9s de su presidenta en funciones, Alaine L\u00f3pez Brice\u00f1o, y sus representes ante el Consejo General, licenciado Rafael Bentata Morcillo y Mitsuo Teyer Mercado queja en contra del ciudadano, Jos\u00e9 Manuel Sierra Herrera, Jefe de Comunicaci\u00f3n Social de la delegaci\u00f3n estatal de la Secretar\u00eda Desarrollo Social (Sedesol).<\/p>\n<p>La raz\u00f3n de la queja presentada es la publicaci\u00f3n de una serie de art\u00edculos editoriales en el Diario de Yucat\u00e1n, en los que viola todas las normas que pugnan por la equidad e imparcialidad en las contiendas electorales, a trav\u00e9s de expresiones que solamente perjudican al Partido Revolucionario Institucional y a su candidata a la alcald\u00eda, Ang\u00e9lica Araujo Lara, sino que adem\u00e1s resultan ofensivas y denigrantes toda vez que utiliza frases y calificativos denigrantes.<\/p>\n<p>En este sentido Sierra Herrera, Jefe de Comunicaci\u00f3n Social de la Delegaci\u00f3n estatal de la Sedesol, viol\u00f3 el art\u00edculo 134 constitucional federal y los art\u00edculos 16 y 97 de nuestro m\u00e1ximo ordenamiento legal correspondiente, as\u00ed como 260 y 340 de la Ley de Instituciones de Procedimientos Electorales y Participaci\u00f3n Ciudadana. De igual manera violo de manera flagrante el Acuerdo C.G-139\/2009 del Consejo General del Consejo General, por el cual se emite el pacto de neutralidad.<\/p>\n<p>Es importante recalcar que el PRI es respetuoso y garante de la libertad de expresi\u00f3n en todo momento, pero al igual de que cualquier derecho, esta tiene l\u00edmites que se encuentran delimitadas en el respeto a todos los actores pol\u00edticos de la contienda electoral, m\u00e1xime si se trata de un servidor p\u00fablico federal, ya que como es evidente todos los escritos se encuentran firmados en su car\u00e1cter de Jefe de Comunicaci\u00f3n Social de la mencionada dependencia federal.<\/p><\/div>\n<\/div>\n","protected":false},"excerpt":{"rendered":"<p>Debido a que se ha obsesionado con la gobernadora Ivonne Ortega Pacheco, el vocero de la Sedesol Jos\u00e9 Sierra Herrera fue denunciado penalmente por el PRI. El \u00abchereke\u00bb, como tambi\u00e9n<\/p>\n","protected":false},"author":1,"featured_media":29644,"comment_status":"open","ping_status":"open","sticky":false,"template":"","format":"standard","meta":{"jetpack_post_was_ever_published":false,"_jetpack_newsletter_access":"","_jetpack_dont_email_post_to_subs":false,"_jetpack_newsletter_tier_id":0,"_jetpack_memberships_contains_paywalled_content":false,"_jetpack_memberships_contains_paid_content":false,"footnotes":"","jetpack_publicize_message":"","jetpack_publicize_feature_enabled":true,"jetpack_social_post_already_shared":false,"jetpack_social_options":{"image_generator_settings":{"template":"highway","default_image_id":0,"font":"","enabled":false},"version":2}},"categories":[1,53],"tags":[],"class_list":["post-9969","post","type-post","status-publish","format-standard","has-post-thumbnail","hentry","category-sin-categoria","category-yo-no-fui"],"jetpack_publicize_connections":[],"jetpack_featured_media_url":"https:\/\/formalprision.com\/wp-content\/uploads\/2010\/04\/sierra.jpg","jetpack_sharing_enabled":true,"jetpack_shortlink":"https:\/\/wp.me\/p6id8p-2AN","_links":{"self":[{"href":"https:\/\/formalprision.com\/index.php?rest_route=\/wp\/v2\/posts\/9969","targetHints":{"allow":["GET"]}}],"collection":[{"href":"https:\/\/formalprision.com\/index.php?rest_route=\/wp\/v2\/posts"}],"about":[{"href":"https:\/\/formalprision.com\/index.php?rest_route=\/wp\/v2\/types\/post"}],"author":[{"embeddable":true,"href":"https:\/\/formalprision.com\/index.php?rest_route=\/wp\/v2\/users\/1"}],"replies":[{"embeddable":true,"href":"https:\/\/formalprision.com\/index.php?rest_route=%2Fwp%2Fv2%2Fcomments&post=9969"}],"version-history":[{"count":0,"href":"https:\/\/formalprision.com\/index.php?rest_route=\/wp\/v2\/posts\/9969\/revisions"}],"wp:featuredmedia":[{"embeddable":true,"href":"https:\/\/formalprision.com\/index.php?rest_route=\/wp\/v2\/media\/29644"}],"wp:attachment":[{"href":"https:\/\/formalprision.com\/index.php?rest_route=%2Fwp%2Fv2%2Fmedia&parent=9969"}],"wp:term":[{"taxonomy":"category","embeddable":true,"href":"https:\/\/formalprision.com\/index.php?rest_route=%2Fwp%2Fv2%2Fcategories&post=9969"},{"taxonomy":"post_tag","embeddable":true,"href":"https:\/\/formalprision.com\/index.php?rest_route=%2Fwp%2Fv2%2Ftags&post=9969"}],"curies":[{"name":"wp","href":"https:\/\/api.w.org\/{rel}","templated":true}]}}