{"id":9970,"date":"2010-04-15T19:56:00","date_gmt":"2010-04-15T19:56:00","guid":{"rendered":"http:\/\/formalprision.info\/2010\/04\/15\/suicidio-en-estacion-migratoria\/"},"modified":"2015-06-03T09:02:56","modified_gmt":"2015-06-03T09:02:56","slug":"suicidio-en-estacion-migratoria","status":"publish","type":"post","link":"https:\/\/formalprision.com\/?p=9970","title":{"rendered":"Suicidio en estaci\u00f3n migratoria"},"content":{"rendered":"<p><a href=\"http:\/\/2.bp.blogspot.com\/_QwiJz8zwaOw\/S8dvb-nV_xI\/AAAAAAAAAIA\/0KXWm00hADY\/s1600\/%3D%3Futf-8%3FB%3FaW5tX04uanBn%3F%3D-791040\"><img decoding=\"async\" src=\"http:\/\/2.bp.blogspot.com\/_QwiJz8zwaOw\/S8dvb-nV_xI\/AAAAAAAAAIA\/0KXWm00hADY\/s320\/%3D%3Futf-8%3FB%3FaW5tX04uanBn%3F%3D-791040\" alt=\"\" id=\"BLOGGER_PHOTO_ID_5460455599665184530\" border=\"0\" \/><\/a>La Delegaci\u00f3n Regional del Instituto Nacional de Migraci\u00f3n (INM) en Yucat\u00e1n dio aviso al Ministerio P\u00fablico e inici\u00f3 una investigaci\u00f3n interna por el presunto suicidio del ciudadano de la Rep\u00fablica Dominicana, Eriberto Feliciano Molla L\u00f3pez, quien se encontraba asegurado en la Estaci\u00f3n Migratoria de esta entidad.<br \/>El deceso del extranjero ocurri\u00f3 el d\u00eda de hoy, entre las 6:50 am y 7:20 am, cuando presuntamente se ahorc\u00f3, colg\u00e1ndose de una regadera del ba\u00f1o con una camiseta de su propiedad.<br \/>El cuerpo fue descubierto por agentes federales de guardia y elementos de la polic\u00eda estatal, quienes dieron parte a las autoridades judiciales y consulares de Santo Domingo, para iniciar los procedimientos legales correspondientes.<br \/>El Instituto Nacional de Migraci\u00f3n expresa su compromiso de cumplir con los procedimientos establecidos para este tipo de sucesos y coadyuvar con las autoridades judiciales para esclarecer el suceso.<\/p>\n","protected":false},"excerpt":{"rendered":"<p>La Delegaci\u00f3n Regional del Instituto Nacional de Migraci\u00f3n (INM) en Yucat\u00e1n dio aviso al Ministerio P\u00fablico e inici\u00f3 una investigaci\u00f3n interna por el presunto suicidio del ciudadano de la Rep\u00fablica<\/p>\n","protected":false},"author":1,"featured_media":0,"comment_status":"open","ping_status":"open","sticky":false,"template":"","format":"standard","meta":{"jetpack_post_was_ever_published":false,"_jetpack_newsletter_access":"","_jetpack_dont_email_post_to_subs":false,"_jetpack_newsletter_tier_id":0,"_jetpack_memberships_contains_paywalled_content":false,"_jetpack_memberships_contains_paid_content":false,"footnotes":"","jetpack_publicize_message":"","jetpack_publicize_feature_enabled":true,"jetpack_social_post_already_shared":false,"jetpack_social_options":{"image_generator_settings":{"template":"highway","default_image_id":0,"font":"","enabled":false},"version":2}},"categories":[44,1],"tags":[],"class_list":["post-9970","post","type-post","status-publish","format-standard","hentry","category-morgue","category-sin-categoria"],"jetpack_publicize_connections":[],"jetpack_featured_media_url":"","jetpack_sharing_enabled":true,"jetpack_shortlink":"https:\/\/wp.me\/p6id8p-2AO","_links":{"self":[{"href":"https:\/\/formalprision.com\/index.php?rest_route=\/wp\/v2\/posts\/9970","targetHints":{"allow":["GET"]}}],"collection":[{"href":"https:\/\/formalprision.com\/index.php?rest_route=\/wp\/v2\/posts"}],"about":[{"href":"https:\/\/formalprision.com\/index.php?rest_route=\/wp\/v2\/types\/post"}],"author":[{"embeddable":true,"href":"https:\/\/formalprision.com\/index.php?rest_route=\/wp\/v2\/users\/1"}],"replies":[{"embeddable":true,"href":"https:\/\/formalprision.com\/index.php?rest_route=%2Fwp%2Fv2%2Fcomments&post=9970"}],"version-history":[{"count":0,"href":"https:\/\/formalprision.com\/index.php?rest_route=\/wp\/v2\/posts\/9970\/revisions"}],"wp:attachment":[{"href":"https:\/\/formalprision.com\/index.php?rest_route=%2Fwp%2Fv2%2Fmedia&parent=9970"}],"wp:term":[{"taxonomy":"category","embeddable":true,"href":"https:\/\/formalprision.com\/index.php?rest_route=%2Fwp%2Fv2%2Fcategories&post=9970"},{"taxonomy":"post_tag","embeddable":true,"href":"https:\/\/formalprision.com\/index.php?rest_route=%2Fwp%2Fv2%2Ftags&post=9970"}],"curies":[{"name":"wp","href":"https:\/\/api.w.org\/{rel}","templated":true}]}}