{"id":9971,"date":"2010-04-15T02:02:00","date_gmt":"2010-04-15T02:02:00","guid":{"rendered":"http:\/\/formalprision.info\/2010\/04\/15\/video-del-policia-calenturiento-de-motu\/"},"modified":"2015-06-03T09:02:56","modified_gmt":"2015-06-03T09:02:56","slug":"video-del-policia-calenturiento-de-motu","status":"publish","type":"post","link":"https:\/\/formalprision.com\/?p=9971","title":{"rendered":"V\u00eddeo del polic\u00eda calenturiento de Motul"},"content":{"rendered":"<p><a onblur=\"try {parent.deselectBloggerImageGracefully();} catch(e) {}\" href=\"http:\/\/4.bp.blogspot.com\/_QwiJz8zwaOw\/S8Z5PJfDqPI\/AAAAAAAAAHQ\/5q_Cuuo-8Ak\/s1600\/calenturiento.jpg\"><img decoding=\"async\" style=\"float: left; margin: 0pt 10px 10px 0pt; cursor: pointer; width: 235px; height: 193px;\" src=\"http:\/\/formalprision.com\/wp-content\/uploads\/2010\/04\/calenturiento1.jpg\" alt=\"\" id=\"BLOGGER_PHOTO_ID_5460184899384486130\" border=\"0\" \/><\/a>El v\u00eddeo del polic\u00eda calenturiento de Motul que ha generado la baja temporal del agente por orden directa de la alcaldesa Celina Monta\u00f1ez, fue enviado a la redacci\u00f3n de Formal Prisi\u00f3n por pobladores motule\u00f1os que se dicen indignados por las linduras de este y otros polis de la comunidad.<\/p>\n<p>Esta tarde, as\u00ed como nos llega, se los ponemos en exclusiva para que vean c\u00f3mo se da gusto este polizonte con su mujer, que seg\u00fan nos informan se trata de una verdulera del mercado conocida como La Chaparra.<\/p>\n<p>El material ya corrio por celulares de jovencitos que se lo pasan de telefono en telefono y entre comerciantes del municipio.<\/p>\n<p>En el video, donde el poli aparece uniformado, nuestros informantes indican que el protagonista es el comandante de la polic\u00eda  Erik Uvalle en un terreno bald\u00edo de las afueras de la poblaci\u00f3n conocido como \u00abLa Perrera\u00bb. Tambi\u00e9n dicen que hay m\u00e1s v\u00eddeos rolando por all\u00e1 de otros polis y hasta funcionarios municipales.<\/p>\n<p>A continuaci\u00f3n el material, IMPORTANTE: NO HAY IM\u00c1GENES DE CUERPO COMPLETO, PERO EL V\u00cdDEO TIENE ESCENAS DE SEXO. DALE CLICK BAJO TU PROPIA RESPONSABILIDAD.<\/p>\n<p><\/p>\n<div style=\"text-align: center;\"><\/div>\n","protected":false},"excerpt":{"rendered":"<p>El v\u00eddeo del polic\u00eda calenturiento de Motul que ha generado la baja temporal del agente por orden directa de la alcaldesa Celina Monta\u00f1ez, fue enviado a la redacci\u00f3n de Formal<\/p>\n","protected":false},"author":1,"featured_media":29647,"comment_status":"open","ping_status":"open","sticky":false,"template":"","format":"standard","meta":{"jetpack_post_was_ever_published":false,"_jetpack_newsletter_access":"","_jetpack_dont_email_post_to_subs":false,"_jetpack_newsletter_tier_id":0,"_jetpack_memberships_contains_paywalled_content":false,"_jetpack_memberships_contains_paid_content":false,"footnotes":"","jetpack_publicize_message":"","jetpack_publicize_feature_enabled":true,"jetpack_social_post_already_shared":false,"jetpack_social_options":{"image_generator_settings":{"template":"highway","default_image_id":0,"font":"","enabled":false},"version":2}},"categories":[1,53],"tags":[],"class_list":["post-9971","post","type-post","status-publish","format-standard","has-post-thumbnail","hentry","category-sin-categoria","category-yo-no-fui"],"jetpack_publicize_connections":[],"jetpack_featured_media_url":"https:\/\/formalprision.com\/wp-content\/uploads\/2010\/04\/calenturiento1.jpg","jetpack_sharing_enabled":true,"jetpack_shortlink":"https:\/\/wp.me\/p6id8p-2AP","_links":{"self":[{"href":"https:\/\/formalprision.com\/index.php?rest_route=\/wp\/v2\/posts\/9971","targetHints":{"allow":["GET"]}}],"collection":[{"href":"https:\/\/formalprision.com\/index.php?rest_route=\/wp\/v2\/posts"}],"about":[{"href":"https:\/\/formalprision.com\/index.php?rest_route=\/wp\/v2\/types\/post"}],"author":[{"embeddable":true,"href":"https:\/\/formalprision.com\/index.php?rest_route=\/wp\/v2\/users\/1"}],"replies":[{"embeddable":true,"href":"https:\/\/formalprision.com\/index.php?rest_route=%2Fwp%2Fv2%2Fcomments&post=9971"}],"version-history":[{"count":0,"href":"https:\/\/formalprision.com\/index.php?rest_route=\/wp\/v2\/posts\/9971\/revisions"}],"wp:featuredmedia":[{"embeddable":true,"href":"https:\/\/formalprision.com\/index.php?rest_route=\/wp\/v2\/media\/29647"}],"wp:attachment":[{"href":"https:\/\/formalprision.com\/index.php?rest_route=%2Fwp%2Fv2%2Fmedia&parent=9971"}],"wp:term":[{"taxonomy":"category","embeddable":true,"href":"https:\/\/formalprision.com\/index.php?rest_route=%2Fwp%2Fv2%2Fcategories&post=9971"},{"taxonomy":"post_tag","embeddable":true,"href":"https:\/\/formalprision.com\/index.php?rest_route=%2Fwp%2Fv2%2Ftags&post=9971"}],"curies":[{"name":"wp","href":"https:\/\/api.w.org\/{rel}","templated":true}]}}