{"id":9972,"date":"2010-04-15T00:46:00","date_gmt":"2010-04-15T00:46:00","guid":{"rendered":"http:\/\/formalprision.info\/2010\/04\/15\/le-salieron-alas-salas-se-fue-al-cielo\/"},"modified":"2015-06-03T09:02:56","modified_gmt":"2015-06-03T09:02:56","slug":"le-salieron-alas-salas-se-fue-al-cielo","status":"publish","type":"post","link":"https:\/\/formalprision.com\/?p=9972","title":{"rendered":"Le salieron alas a Salas: se fue al cielo"},"content":{"rendered":"<p><a onblur=\"try {parent.deselectBloggerImageGracefully();} catch(e) {}\" href=\"http:\/\/lh3.ggpht.com\/_QwiJz8zwaOw\/S8SFFmaIilI\/AAAAAAAAAFk\/xSAIdTe8H3c\/F150px.png\"><img decoding=\"async\" style=\"float: left; margin: 0pt 10px 10px 0pt; cursor: pointer; width: 150px; height: 150px;\" src=\"http:\/\/lh3.ggpht.com\/_QwiJz8zwaOw\/S8SFFmaIilI\/AAAAAAAAAFk\/xSAIdTe8H3c\/F150px.png\" alt=\"\" border=\"0\" \/><\/a>En el HOH falleci\u00f3  el C. JOS\u00c9 ALFREDO CHAC\u00d3N SALAS, de 53 a\u00f1os de edad y quien  habitaba en un predio de la colonia Emiliano Zapata Sur. El cad\u00e1ver  fue identificado por el C. Santiago Chac\u00f3n Salas, hermano del ahora  occiso, quien refiri\u00f3 que su consangu\u00edneo padec\u00eda de cirrosis y que  hoy aproximadamente a las 10:30 horas, cuando Jos\u00e9 Chac\u00f3n estaba en  la puerta de su domicilio y se desvaneci\u00f3, comenzando a convulsionar,  por lo que solicitaron una ambulancia cuyos param\u00e9dicos lo trasladaron  al hospital en menci\u00f3n, en donde momentos despu\u00e9s falleci\u00f3. <br \/>El C. MANUEL  ANTONIO SANTOYO \u00c1VILA, de 26 a\u00f1os de edad, fue ingresado a la Cl\u00ednica  de M\u00e9rida en donde manifest\u00f3 que hoy alrededor de las 11:30 horas,  conduc\u00eda una motocicleta sobre la calle 44 del fraccionamiento Francisco   de Montejo y al llegar al cruzamiento con la calle 53 colision\u00f3 con  un veh\u00edculo tipo Tsuru que transitaba de sur a norte y cuyo conductor  no respetar la luz roja del sem\u00e1foro. Lesiones: fractura expuesta del  brazo izquierdo.  <br \/>Al HOH fue  ingresada la C. OFELIA ELENA MONTERO PE\u00d3N, de 42 a\u00f1os de edad, quien  se\u00f1al\u00f3 que el pasado 11 de los corrientes, viajaba en una motocicleta  conducida por su esposo Luis Barbosa y al estar transitando en la  carretera  Chuburn\u00e1 Puerto, en una curva derraparon y cayeron al pavimento, por  lo que result\u00f3 herida. Lesiones: fractura de tibia y peron\u00e9 izquierdo.<br \/>La C. GABRIELA  EUGENIA R\u00cdO HERRERA, de 21 a\u00f1os de edad, fue ingresada a la Cl\u00ednica  de M\u00e9rida en donde se\u00f1al\u00f3 que ayer como a las 10:00 de la ma\u00f1ana,  conduc\u00eda un veh\u00edculo sobre la avenida 2000 y al no respetar un alto  de disco colision\u00f3 con una camioneta. Lesiones: policontundida y  esguince  cervical.<\/p>\n","protected":false},"excerpt":{"rendered":"<p>En el HOH falleci\u00f3 el C. JOS\u00c9 ALFREDO CHAC\u00d3N SALAS, de 53 a\u00f1os de edad y quien habitaba en un predio de la colonia Emiliano Zapata Sur. El cad\u00e1ver fue<\/p>\n","protected":false},"author":1,"featured_media":29650,"comment_status":"open","ping_status":"open","sticky":false,"template":"","format":"standard","meta":{"jetpack_post_was_ever_published":false,"_jetpack_newsletter_access":"","_jetpack_dont_email_post_to_subs":false,"_jetpack_newsletter_tier_id":0,"_jetpack_memberships_contains_paywalled_content":false,"_jetpack_memberships_contains_paid_content":false,"footnotes":"","jetpack_publicize_message":"","jetpack_publicize_feature_enabled":true,"jetpack_social_post_already_shared":false,"jetpack_social_options":{"image_generator_settings":{"template":"highway","default_image_id":0,"font":"","enabled":false},"version":2}},"categories":[60,44,1],"tags":[],"class_list":["post-9972","post","type-post","status-publish","format-standard","has-post-thumbnail","hentry","category-cafres","category-morgue","category-sin-categoria"],"jetpack_publicize_connections":[],"jetpack_featured_media_url":"https:\/\/formalprision.com\/wp-content\/uploads\/2010\/04\/F150px.png","jetpack_sharing_enabled":true,"jetpack_shortlink":"https:\/\/wp.me\/p6id8p-2AQ","_links":{"self":[{"href":"https:\/\/formalprision.com\/index.php?rest_route=\/wp\/v2\/posts\/9972","targetHints":{"allow":["GET"]}}],"collection":[{"href":"https:\/\/formalprision.com\/index.php?rest_route=\/wp\/v2\/posts"}],"about":[{"href":"https:\/\/formalprision.com\/index.php?rest_route=\/wp\/v2\/types\/post"}],"author":[{"embeddable":true,"href":"https:\/\/formalprision.com\/index.php?rest_route=\/wp\/v2\/users\/1"}],"replies":[{"embeddable":true,"href":"https:\/\/formalprision.com\/index.php?rest_route=%2Fwp%2Fv2%2Fcomments&post=9972"}],"version-history":[{"count":0,"href":"https:\/\/formalprision.com\/index.php?rest_route=\/wp\/v2\/posts\/9972\/revisions"}],"wp:featuredmedia":[{"embeddable":true,"href":"https:\/\/formalprision.com\/index.php?rest_route=\/wp\/v2\/media\/29650"}],"wp:attachment":[{"href":"https:\/\/formalprision.com\/index.php?rest_route=%2Fwp%2Fv2%2Fmedia&parent=9972"}],"wp:term":[{"taxonomy":"category","embeddable":true,"href":"https:\/\/formalprision.com\/index.php?rest_route=%2Fwp%2Fv2%2Fcategories&post=9972"},{"taxonomy":"post_tag","embeddable":true,"href":"https:\/\/formalprision.com\/index.php?rest_route=%2Fwp%2Fv2%2Ftags&post=9972"}],"curies":[{"name":"wp","href":"https:\/\/api.w.org\/{rel}","templated":true}]}}