{"id":9977,"date":"2010-04-14T16:24:00","date_gmt":"2010-04-14T16:24:00","guid":{"rendered":"http:\/\/formalprision.info\/2010\/04\/14\/derechito-al-penal-pervertidor-de\/"},"modified":"2015-06-03T09:02:57","modified_gmt":"2015-06-03T09:02:57","slug":"derechito-al-penal-pervertidor-de","status":"publish","type":"post","link":"https:\/\/formalprision.com\/?p=9977","title":{"rendered":"Derechito al penal pervertidor de menores"},"content":{"rendered":"<p><a onblur=\"try {parent.deselectBloggerImageGracefully();} catch(e) {}\" href=\"http:\/\/2.bp.blogspot.com\/_QwiJz8zwaOw\/S8XueoxwEFI\/AAAAAAAAAGo\/0jlKFh6Jnog\/s1600\/federal.jpg\"><img decoding=\"async\" style=\"display: block; margin: 0px auto 10px; text-align: center; cursor: pointer; width: 400px; height: 358px;\" src=\"http:\/\/formalprision.com\/wp-content\/uploads\/2010\/04\/federal.jpg\" alt=\"\" id=\"BLOGGER_PHOTO_ID_5460032333366169682\" border=\"0\" \/><\/a><br \/>La PGR inform\u00f3 a Formal Prisi\u00f3n que ya fue consignado al penal meridano el encargado del bar La Ermita detenido el pasado fin de semana despu\u00e9s de confirmar que en el lugar se ofrec\u00edan \u00abtabledance\u00bb a varios parroquianos, incluyendo menores de edad.<\/p>\n<p>En el lugar, donde varias f\u00e9minas le bailaban a los clientes y hasta m\u00e1s si el cliente aflojaba un poco m\u00e1s de billete, la Polic\u00eda Federal intervino para realizar un cateo de rutina que deriv\u00f3 en la detenci\u00f3n del citado sujeto.<\/p>\n<div style=\"text-align: justify;\">El s\u00e1bado pasado, las fuerzas policiacas federales, con apoyo de la Armada de M\u00e9xico  y Judiciales catearon predios de la calle 79 y 75 por 80 del centro en las  inmediaciones de la colonia San Sebasti\u00e1n, y en la colonia Emiliano Zapata Sur donde catearon dos establecimientos.<\/div>\n<div style=\"text-align: justify;\"><\/div>\n<div style=\"text-align: justify;\">Las revisiones en los bares de la ciudad de M\u00e9rida incluyeron el bar La Ermita en la calle 64 por 75, donde fue detenido en encargado.<\/div>\n","protected":false},"excerpt":{"rendered":"<p>La PGR inform\u00f3 a Formal Prisi\u00f3n que ya fue consignado al penal meridano el encargado del bar La Ermita detenido el pasado fin de semana despu\u00e9s de confirmar que en<\/p>\n","protected":false},"author":1,"featured_media":29659,"comment_status":"open","ping_status":"open","sticky":false,"template":"","format":"standard","meta":{"jetpack_post_was_ever_published":false,"_jetpack_newsletter_access":"","_jetpack_dont_email_post_to_subs":false,"_jetpack_newsletter_tier_id":0,"_jetpack_memberships_contains_paywalled_content":false,"_jetpack_memberships_contains_paid_content":false,"footnotes":"","jetpack_publicize_message":"","jetpack_publicize_feature_enabled":true,"jetpack_social_post_already_shared":false,"jetpack_social_options":{"image_generator_settings":{"template":"highway","default_image_id":0,"font":"","enabled":false},"version":2}},"categories":[1,53],"tags":[],"class_list":["post-9977","post","type-post","status-publish","format-standard","has-post-thumbnail","hentry","category-sin-categoria","category-yo-no-fui"],"jetpack_publicize_connections":[],"jetpack_featured_media_url":"https:\/\/formalprision.com\/wp-content\/uploads\/2010\/04\/federal.jpg","jetpack_sharing_enabled":true,"jetpack_shortlink":"https:\/\/wp.me\/p6id8p-2AV","_links":{"self":[{"href":"https:\/\/formalprision.com\/index.php?rest_route=\/wp\/v2\/posts\/9977","targetHints":{"allow":["GET"]}}],"collection":[{"href":"https:\/\/formalprision.com\/index.php?rest_route=\/wp\/v2\/posts"}],"about":[{"href":"https:\/\/formalprision.com\/index.php?rest_route=\/wp\/v2\/types\/post"}],"author":[{"embeddable":true,"href":"https:\/\/formalprision.com\/index.php?rest_route=\/wp\/v2\/users\/1"}],"replies":[{"embeddable":true,"href":"https:\/\/formalprision.com\/index.php?rest_route=%2Fwp%2Fv2%2Fcomments&post=9977"}],"version-history":[{"count":0,"href":"https:\/\/formalprision.com\/index.php?rest_route=\/wp\/v2\/posts\/9977\/revisions"}],"wp:featuredmedia":[{"embeddable":true,"href":"https:\/\/formalprision.com\/index.php?rest_route=\/wp\/v2\/media\/29659"}],"wp:attachment":[{"href":"https:\/\/formalprision.com\/index.php?rest_route=%2Fwp%2Fv2%2Fmedia&parent=9977"}],"wp:term":[{"taxonomy":"category","embeddable":true,"href":"https:\/\/formalprision.com\/index.php?rest_route=%2Fwp%2Fv2%2Fcategories&post=9977"},{"taxonomy":"post_tag","embeddable":true,"href":"https:\/\/formalprision.com\/index.php?rest_route=%2Fwp%2Fv2%2Ftags&post=9977"}],"curies":[{"name":"wp","href":"https:\/\/api.w.org\/{rel}","templated":true}]}}