{"id":9989,"date":"2010-04-12T21:15:00","date_gmt":"2010-04-12T21:15:00","guid":{"rendered":"http:\/\/formalprision.info\/2010\/04\/12\/iba-al-balneario-y-termina-en-e\/"},"modified":"2015-06-03T09:02:58","modified_gmt":"2015-06-03T09:02:58","slug":"iba-al-balneario-y-termina-en-e","status":"publish","type":"post","link":"https:\/\/formalprision.com\/?p=9989","title":{"rendered":"Iba al balneario y termina en el hospital"},"content":{"rendered":"<p>Del Hospital Agust\u00edn O\u00b4Hor\u00e1n se comunic\u00f3 el ingreso de la menor LILIANA JAQUELINE HERN\u00c1NDEZ PEREIRA, de 5 a\u00f1os de edad y con domicilio en la colonia Mercedes Barrera. En relaci\u00f3n con sus lesiones, la C. Dolores Pereira Chacon, madre de la ahora lesionada, manifest\u00f3 que el d\u00eda de ayer, cuando su hija se dirig\u00eda en compa\u00f1\u00eda de otros familiares a un balneario en Kanas\u00edn Yucat\u00e1n, fue atropellada de frente por un mototaxi, cuyo conductor invadi\u00f3 el carril al intentar rebasar a otro mototaxi, por lo que fue trasladada a bordo de una ambulancia al hospital antes mencionado. Lesiones: traumatismo craneoencef\u00e1lico moderado, herida cortocontusa de tres cent\u00edmetros en parpado izquierdo y m\u00faltiples escoriaciones en diversas partes del cuerpo. Al Hospital Agust\u00edn O\u00b4Hor\u00e1n fue ingresada la C. OFELIA ELENA MONTERO PEON, de 42 a\u00f1os de edad y con domicilio en la colonia Miguel Hidalgo, quien manifest\u00f3 que el d\u00eda de ayer se encontraba como pasajera a bordo de una motocicleta de la marca Dinamo, la cual era conducida por su esposo de nombre Luis Barbosa, y al estar transitando sobre la carretera Chuburn\u00e1 Puerto-Sierra Papacal, pasaron un bache, pero su marido perdi\u00f3 el control de la moto y derrap\u00f3. Lesiones: traumatismo craneoencef\u00e1lico moderado. El menor RODRIGO WALDEMAR SEGURA TUN, de un a\u00f1o de edad y con domicilio en la colonia Residencial Pensiones, fue ingresado al HOH en donde se entrevist\u00f3 al C. Rodrigo Waldemar Segura Cetina, quien dijo ser padre del menor lesionado y mismo que manifest\u00f3 que el d\u00eda 11 de abril del a\u00f1o en curso se encontraba en su domicilio cuando su hijo se fue a la cocina y jal\u00f3 una olla que se encontraba en la estufa, ocasionando que cayera sobre \u00e9l. Lesiones: quemaduras de 1er y 2do grado en la superficie corporal del 12% del cuerpo.En el IMSS T-1 falleci\u00f3 el C. RODOLFO MEJ\u00cdA AGUILAR, de 65 a\u00f1os de edad y quien era vecino de Ecatepec, Estado de M\u00e9xico. El cad\u00e1ver fue identificado por el C. Rodolfo Andr\u00e9s Mej\u00eda Ch\u00e1vez, hijo del ahora occiso, quien se\u00f1al\u00f3 que el pasado 29 de marzo del corriente, sus padres se dirig\u00edan a Canc\u00fan, Quintana Roo, a bordo de un veh\u00edculo Ford, tipo Malib\u00fa, conducido por el hoy extinto, y al estar transitando a la altura de la comisar\u00eda de San Bernardino, su progenitor perdi\u00f3 el control del autom\u00f3vil y se volcaron, por lo que fue ingresado al referido hospital en donde el d\u00eda de hoy falleci\u00f3.<\/p>\n","protected":false},"excerpt":{"rendered":"<p>Del Hospital Agust\u00edn O\u00b4Hor\u00e1n se comunic\u00f3 el ingreso de la menor LILIANA JAQUELINE HERN\u00c1NDEZ PEREIRA, de 5 a\u00f1os de edad y con domicilio en la colonia Mercedes Barrera. En relaci\u00f3n<\/p>\n","protected":false},"author":1,"featured_media":0,"comment_status":"open","ping_status":"open","sticky":false,"template":"","format":"standard","meta":{"jetpack_post_was_ever_published":false,"_jetpack_newsletter_access":"","_jetpack_dont_email_post_to_subs":false,"_jetpack_newsletter_tier_id":0,"_jetpack_memberships_contains_paywalled_content":false,"_jetpack_memberships_contains_paid_content":false,"footnotes":"","jetpack_publicize_message":"","jetpack_publicize_feature_enabled":true,"jetpack_social_post_already_shared":false,"jetpack_social_options":{"image_generator_settings":{"template":"highway","default_image_id":0,"font":"","enabled":false},"version":2}},"categories":[60,1],"tags":[],"class_list":["post-9989","post","type-post","status-publish","format-standard","hentry","category-cafres","category-sin-categoria"],"jetpack_publicize_connections":[],"jetpack_featured_media_url":"","jetpack_sharing_enabled":true,"jetpack_shortlink":"https:\/\/wp.me\/p6id8p-2B7","_links":{"self":[{"href":"https:\/\/formalprision.com\/index.php?rest_route=\/wp\/v2\/posts\/9989","targetHints":{"allow":["GET"]}}],"collection":[{"href":"https:\/\/formalprision.com\/index.php?rest_route=\/wp\/v2\/posts"}],"about":[{"href":"https:\/\/formalprision.com\/index.php?rest_route=\/wp\/v2\/types\/post"}],"author":[{"embeddable":true,"href":"https:\/\/formalprision.com\/index.php?rest_route=\/wp\/v2\/users\/1"}],"replies":[{"embeddable":true,"href":"https:\/\/formalprision.com\/index.php?rest_route=%2Fwp%2Fv2%2Fcomments&post=9989"}],"version-history":[{"count":0,"href":"https:\/\/formalprision.com\/index.php?rest_route=\/wp\/v2\/posts\/9989\/revisions"}],"wp:attachment":[{"href":"https:\/\/formalprision.com\/index.php?rest_route=%2Fwp%2Fv2%2Fmedia&parent=9989"}],"wp:term":[{"taxonomy":"category","embeddable":true,"href":"https:\/\/formalprision.com\/index.php?rest_route=%2Fwp%2Fv2%2Fcategories&post=9989"},{"taxonomy":"post_tag","embeddable":true,"href":"https:\/\/formalprision.com\/index.php?rest_route=%2Fwp%2Fv2%2Ftags&post=9989"}],"curies":[{"name":"wp","href":"https:\/\/api.w.org\/{rel}","templated":true}]}}