{"id":9993,"date":"2010-04-11T17:47:00","date_gmt":"2010-04-11T17:47:00","guid":{"rendered":"http:\/\/formalprision.info\/2010\/04\/11\/la-procu-informa-reporte-matutino\/"},"modified":"2015-06-03T09:02:59","modified_gmt":"2015-06-03T09:02:59","slug":"la-procu-informa-reporte-matutino","status":"publish","type":"post","link":"https:\/\/formalprision.com\/?p=9993","title":{"rendered":"La Procu informa (Reporte matutino)"},"content":{"rendered":"<p>El C. DIDIER AK\u00c9 ARANA, de 19 a\u00f1os de edad, fue ingresado al HOH debido a  las heridas que sufri\u00f3 en un accidente de tr\u00e1nsito. El ahora lesionado  se\u00f1al\u00f3 que ayer por la noche transitaba en una motocicleta en compa\u00f1\u00eda  de una amiga y al estar circulando sobre el Perif\u00e9rico, a la altura del  paso a desnivel de la calle 50, quiso doblar sobre la glorieta y fue  colisionado por un veh\u00edculo cuyo conductor no respet\u00f3 el alto de disco,  por lo que cay\u00f3 al pavimento al igual que su acompa\u00f1ante, quien result\u00f3  ilesa. Lesiones: fractura de pierna derecha.<\/p>\n<p>Al HOH  fue ingresado el C. JOS\u00c9 NESTOR KU L\u00d3PEZ, de 53 a\u00f1os de edad,  quien no pudo ser entrevistado debido a que se encontraba recibiendo  atenci\u00f3n m\u00e9dica, asimismo, no se encontr\u00f3 familiar alguno que pudiera  proporcionar mayores datos al respecto. En el hospital s\u00f3lo informaron  que el ahora lesionado fue trasladado por una ambulancia del IMSS de  Maxcan\u00fa y que presenta fractura de tibia y peron\u00e9 derecho, as\u00ed como  policontusiones.<\/p>\n<p>Las CC. YURIDIA CANSECO MANZANILLA y CECILIA ORT\u00cdZ CERVERA, de 32 y 29  a\u00f1os de edad, fueron ingresadas a la Cl\u00ednica de M\u00e9rida luego de sufrir  un accidente de tr\u00e1nsito. En relaci\u00f3n con lo ocurrido, la primera  lesionada se\u00f1al\u00f3 que hoy alrededor de las 11:00 horas, conduc\u00eda un  veh\u00edculo sobre la carretera Cholul-M\u00e9rida y al llegar a la altura del  Perif\u00e9rico hizo su alto correspondiente, pero fue colisionada en la  parte posterior por un autom\u00f3vil conducido por la lesionada Cecilia  Ortiz, quien tambi\u00e9n fue trasladad al referido hospital debido a que  cuenta con cuatro meses de embarazo. Lesiones: Yuridia Canseco presenta  esguince cervical y hematoma en el ojo izquierdo, en tanto Cecilia  result\u00f3 policontundida.<\/p>\n<p>El C. GERARDO CRIST\u00d3BAL ESTRELLA MAGA\u00d1A, de 19 a\u00f1os de edad, fue  ingresado al Centro de Salud del puerto del Progreso en donde manifest\u00f3  que hoy alrededor de las 05:00 horas, caminaba rumbo a la playa junto  con su primo Jes\u00fas Pech Estrella y al pasar enfrente de un predio en el  que hab\u00edan varios sujetos ingiriendo bebidas embriagantes, estos los  agredieron f\u00edsicamente y uno de ellos lo lesion\u00f3 en el brazo con una  hebilla, por lo que escap\u00f3 del lugar y se dirigi\u00f3 a su domicilio, en  donde fue auxiliado por sus familiares, quienes lo trasladaron el  referido nosocomio para su atenci\u00f3n m\u00e9dica. Lesiones: herida de 10  cent\u00edmetros de longitud en el antebrazo derecho y equimosis en la  espalda.<\/p>\n<p>El menor KEV\u00cdN FERNANDO OJEDA M\u00c9NDEZ, de 16 a\u00f1os de edad, fue ingresado  al Hospital Ju\u00e1rez del IMSS en donde refiri\u00f3 que el d\u00eda de hoy  aproximadamente a las 04:00 horas, se encontraba durmiendo en su  habitaci\u00f3n y de pronto sinti\u00f3 algo caliente en el rostro, por lo que  inmediatamente se levant\u00f3 y se dirigi\u00f3 al ba\u00f1o para lavarse la cara, en  ese momento lleg\u00f3 su progenitor para preguntarle que le hab\u00eda sucedido y  es cuando se dieron cuenta que la ex novia de su hermano, a quien s\u00f3lo  conoce como \u201cAngie\u201d, le hab\u00eda arrojado \u00e1cido muri\u00e1tico al confundirlo  con \u00e9l, por lo que \u00e9sta fue detenida por la Polic\u00eda Municipal de  Progreso. Lesiones: quemaduras de primer grado en el rostro e  intoxicaci\u00f3n por ingesta de qu\u00edmicos.<\/p>\n<p>Al HOH fue ingresado el C. FLORENTINO COB AYIL, de 47 a\u00f1os de edad,  quien no pudo ser entrevistado debido a que se encontraba en el \u00e1rea de  choque. En el hospital s\u00f3lo informaron que el d\u00eda de hoy el ahora  lesionado fue auxiliado por param\u00e9dicos de la ambulancia 21-A de la SSP  en un predio de la calle 71-B entre 120 y 120-A de la colonia M\u00e9xico  Poniente, pero no se encontr\u00f3 familiar alguno que pudiera proporcionar  mayores datos al respecto. Lesiones: traumatismo craneoencef\u00e1lico  severo, edema cerebral y hemorragia intraparenquimatrosa.<\/p>\n","protected":false},"excerpt":{"rendered":"<p>El C. DIDIER AK\u00c9 ARANA, de 19 a\u00f1os de edad, fue ingresado al HOH debido a las heridas que sufri\u00f3 en un accidente de tr\u00e1nsito. El ahora lesionado se\u00f1al\u00f3 que<\/p>\n","protected":false},"author":1,"featured_media":0,"comment_status":"open","ping_status":"open","sticky":false,"template":"","format":"standard","meta":{"jetpack_post_was_ever_published":false,"_jetpack_newsletter_access":"","_jetpack_dont_email_post_to_subs":false,"_jetpack_newsletter_tier_id":0,"_jetpack_memberships_contains_paywalled_content":false,"_jetpack_memberships_contains_paid_content":false,"footnotes":"","jetpack_publicize_message":"","jetpack_publicize_feature_enabled":true,"jetpack_social_post_already_shared":false,"jetpack_social_options":{"image_generator_settings":{"template":"highway","default_image_id":0,"font":"","enabled":false},"version":2}},"categories":[60,1],"tags":[],"class_list":["post-9993","post","type-post","status-publish","format-standard","hentry","category-cafres","category-sin-categoria"],"jetpack_publicize_connections":[],"jetpack_featured_media_url":"","jetpack_sharing_enabled":true,"jetpack_shortlink":"https:\/\/wp.me\/p6id8p-2Bb","_links":{"self":[{"href":"https:\/\/formalprision.com\/index.php?rest_route=\/wp\/v2\/posts\/9993","targetHints":{"allow":["GET"]}}],"collection":[{"href":"https:\/\/formalprision.com\/index.php?rest_route=\/wp\/v2\/posts"}],"about":[{"href":"https:\/\/formalprision.com\/index.php?rest_route=\/wp\/v2\/types\/post"}],"author":[{"embeddable":true,"href":"https:\/\/formalprision.com\/index.php?rest_route=\/wp\/v2\/users\/1"}],"replies":[{"embeddable":true,"href":"https:\/\/formalprision.com\/index.php?rest_route=%2Fwp%2Fv2%2Fcomments&post=9993"}],"version-history":[{"count":0,"href":"https:\/\/formalprision.com\/index.php?rest_route=\/wp\/v2\/posts\/9993\/revisions"}],"wp:attachment":[{"href":"https:\/\/formalprision.com\/index.php?rest_route=%2Fwp%2Fv2%2Fmedia&parent=9993"}],"wp:term":[{"taxonomy":"category","embeddable":true,"href":"https:\/\/formalprision.com\/index.php?rest_route=%2Fwp%2Fv2%2Fcategories&post=9993"},{"taxonomy":"post_tag","embeddable":true,"href":"https:\/\/formalprision.com\/index.php?rest_route=%2Fwp%2Fv2%2Ftags&post=9993"}],"curies":[{"name":"wp","href":"https:\/\/api.w.org\/{rel}","templated":true}]}}